{"id":1370,"date":"2017-10-09T10:12:16","date_gmt":"2017-10-09T13:12:16","guid":{"rendered":"http:\/\/tecnicos.org.ar\/colegio\/?p=1370"},"modified":"2017-10-09T10:12:16","modified_gmt":"2017-10-09T13:12:16","slug":"feliz-dia-nacional-del-tecnico","status":"publish","type":"post","link":"https:\/\/tecnicos.org.ar\/colegio\/feliz-dia-nacional-del-tecnico\/","title":{"rendered":"\u00a1Feliz d\u00eda Nacional del T\u00e9cnico!"},"content":{"rendered":"<p style=\"text-align: left;\">El pr\u00f3ximo 10 de octubre se conmemora el\u00a0<strong>D\u00eda Nacional del T\u00e9cnico<\/strong>\u00a0al cumplirse un nuevo a\u00f1o de la puesta en vigencia del plan de estudio para las carreras de Mec\u00e1nica, Qu\u00edmica y Maestro Mayor de Obras, solicitado por el Ingeniero Otto Krause, en el a\u00f1o 1898 para el Departamento Industrial. Este hecho permiti\u00f3 la apertura de una nueva etapa para los profesionales que alcanz\u00f3 su m\u00e1xima jerarquizaci\u00f3n en el a\u00f1o 2005, al sancionarse la Ley Nacional de Educaci\u00f3n T\u00e9cnica.<\/p>\n<p style=\"text-align: left;\">Por este motivo el\u00a0<strong>CONSEJO SUPERIOR DEL COLEGIO DE T\u00c9CNICOS DE LA PROVINCIA DE BUENOS AIRES<\/strong>, saluda a todos y cada uno de los PROFESIONALES T\u00c9CNICOS EN SU D\u00cdA, al celebrarse el 119 aniversario.<\/p>\n","protected":false},"excerpt":{"rendered":"<p>El pr\u00f3ximo 10 de octubre se conmemora el\u00a0D\u00eda Nacional del T\u00e9cnico\u00a0al cumplirse un nuevo a\u00f1o de la puesta en vigencia del plan de estudio para las carreras de Mec\u00e1nica, Qu\u00edmica &#8230;<\/p>\n","protected":false},"author":1,"featured_media":1371,"comment_status":"closed","ping_status":"closed","sticky":false,"template":"","format":"standard","meta":{"footnotes":"","_elementor_edit_mode":"","_elementor_template_type":"","_elementor_data":"","_elementor_page_settings":null,"_elementor_conditions":[]},"categories":[7],"tags":[],"class_list":["post-1370","post","type-post","status-publish","format-standard","has-post-thumbnail","hentry","category-noticias"],"_links":{"self":[{"href":"https:\/\/tecnicos.org.ar\/colegio\/wp-json\/wp\/v2\/posts\/1370","targetHints":{"allow":["GET"]}}],"collection":[{"href":"https:\/\/tecnicos.org.ar\/colegio\/wp-json\/wp\/v2\/posts"}],"about":[{"href":"https:\/\/tecnicos.org.ar\/colegio\/wp-json\/wp\/v2\/types\/post"}],"author":[{"embeddable":true,"href":"https:\/\/tecnicos.org.ar\/colegio\/wp-json\/wp\/v2\/users\/1"}],"replies":[{"embeddable":true,"href":"https:\/\/tecnicos.org.ar\/colegio\/wp-json\/wp\/v2\/comments?post=1370"}],"version-history":[{"count":1,"href":"https:\/\/tecnicos.org.ar\/colegio\/wp-json\/wp\/v2\/posts\/1370\/revisions"}],"predecessor-version":[{"id":1372,"href":"https:\/\/tecnicos.org.ar\/colegio\/wp-json\/wp\/v2\/posts\/1370\/revisions\/1372"}],"wp:featuredmedia":[{"embeddable":true,"href":"https:\/\/tecnicos.org.ar\/colegio\/wp-json\/wp\/v2\/media\/1371"}],"wp:attachment":[{"href":"https:\/\/tecnicos.org.ar\/colegio\/wp-json\/wp\/v2\/media?parent=1370"}],"wp:term":[{"taxonomy":"category","embeddable":true,"href":"https:\/\/tecnicos.org.ar\/colegio\/wp-json\/wp\/v2\/categories?post=1370"},{"taxonomy":"post_tag","embeddable":true,"href":"https:\/\/tecnicos.org.ar\/colegio\/wp-json\/wp\/v2\/tags?post=1370"}],"curies":[{"name":"wp","href":"https:\/\/api.w.org\/{rel}","templated":true}]}}