{"id":3758,"date":"2024-11-15T12:46:33","date_gmt":"2024-11-15T15:46:33","guid":{"rendered":"http:\/\/tecnicos.org.ar\/colegio\/?p=3758"},"modified":"2024-11-22T15:52:34","modified_gmt":"2024-11-22T18:52:34","slug":"dia-de-la-educacion-tecnica-3","status":"publish","type":"post","link":"https:\/\/tecnicos.org.ar\/colegio\/dia-de-la-educacion-tecnica-3\/","title":{"rendered":"D\u00eda de la Educaci\u00f3n T\u00e9cnica"},"content":{"rendered":"\t\t<div data-elementor-type=\"wp-post\" data-elementor-id=\"3758\" class=\"elementor elementor-3758\" data-elementor-post-type=\"post\">\n\t\t\t\t\t\t<section class=\"elementor-section elementor-top-section elementor-element elementor-element-6c2a454 elementor-section-boxed elementor-section-height-default elementor-section-height-default\" data-id=\"6c2a454\" data-element_type=\"section\">\n\t\t\t\t\t\t<div class=\"elementor-container elementor-column-gap-default\">\n\t\t\t\t\t<div class=\"elementor-column elementor-col-100 elementor-top-column elementor-element elementor-element-84526f5\" data-id=\"84526f5\" data-element_type=\"column\">\n\t\t\t<div class=\"elementor-widget-wrap elementor-element-populated\">\n\t\t\t\t\t\t<div class=\"elementor-element elementor-element-0c23cab elementor-widget elementor-widget-image\" data-id=\"0c23cab\" data-element_type=\"widget\" data-widget_type=\"image.default\">\n\t\t\t\t<div class=\"elementor-widget-container\">\n\t\t\t\t\t\t\t\t\t\t\t\t\t\t\t<img fetchpriority=\"high\" decoding=\"async\" width=\"800\" height=\"188\" src=\"https:\/\/tecnicos.org.ar\/colegio\/wp-content\/uploads\/Headdiadelaeducaciontecnica-11-1024x241.png\" class=\"attachment-large size-large wp-image-3760\" alt=\"\" srcset=\"https:\/\/tecnicos.org.ar\/colegio\/wp-content\/uploads\/Headdiadelaeducaciontecnica-11-1024x241.png 1024w, https:\/\/tecnicos.org.ar\/colegio\/wp-content\/uploads\/Headdiadelaeducaciontecnica-11-300x71.png 300w, https:\/\/tecnicos.org.ar\/colegio\/wp-content\/uploads\/Headdiadelaeducaciontecnica-11-768x181.png 768w, https:\/\/tecnicos.org.ar\/colegio\/wp-content\/uploads\/Headdiadelaeducaciontecnica-11-1536x361.png 1536w, https:\/\/tecnicos.org.ar\/colegio\/wp-content\/uploads\/Headdiadelaeducaciontecnica-11-2048x482.png 2048w\" sizes=\"(max-width: 800px) 100vw, 800px\" \/>\t\t\t\t\t\t\t\t\t\t\t\t\t\t\t<\/div>\n\t\t\t\t<\/div>\n\t\t\t\t\t<\/div>\n\t\t<\/div>\n\t\t\t\t\t<\/div>\n\t\t<\/section>\n\t\t\t\t<section class=\"elementor-section elementor-top-section elementor-element elementor-element-8c37f88 elementor-section-boxed elementor-section-height-default elementor-section-height-default\" data-id=\"8c37f88\" data-element_type=\"section\">\n\t\t\t\t\t\t<div class=\"elementor-container elementor-column-gap-default\">\n\t\t\t\t\t<div class=\"elementor-column elementor-col-50 elementor-top-column elementor-element elementor-element-9b84a99\" data-id=\"9b84a99\" data-element_type=\"column\">\n\t\t\t<div class=\"elementor-widget-wrap elementor-element-populated\">\n\t\t\t\t\t\t<div class=\"elementor-element elementor-element-41d4480 elementor-widget elementor-widget-video\" data-id=\"41d4480\" data-element_type=\"widget\" data-settings=\"{&quot;youtube_url&quot;:&quot;https:\\\/\\\/www.youtube.com\\\/watch?v=Rp9jEe9X8Ic&quot;,&quot;video_type&quot;:&quot;youtube&quot;,&quot;controls&quot;:&quot;yes&quot;}\" data-widget_type=\"video.default\">\n\t\t\t\t<div class=\"elementor-widget-container\">\n\t\t\t\t\t\t\t<div class=\"elementor-wrapper elementor-open-inline\">\n\t\t\t<div class=\"elementor-video\"><\/div>\t\t<\/div>\n\t\t\t\t\t\t<\/div>\n\t\t\t\t<\/div>\n\t\t\t\t\t<\/div>\n\t\t<\/div>\n\t\t\t\t<div class=\"elementor-column elementor-col-50 elementor-top-column elementor-element elementor-element-9b9fb07\" data-id=\"9b9fb07\" data-element_type=\"column\">\n\t\t\t<div class=\"elementor-widget-wrap elementor-element-populated\">\n\t\t\t\t\t\t<div class=\"elementor-element elementor-element-8c69fec elementor-widget elementor-widget-text-editor\" data-id=\"8c69fec\" data-element_type=\"widget\" data-widget_type=\"text-editor.default\">\n\t\t\t\t<div class=\"elementor-widget-container\">\n\t\t\t\t\t\t\t\t\t<p data-sourcepos=\"1:1-1:190\">Consideramos a la educaci\u00f3n t\u00e9cnica un pilar para el desarrollo de la sociedad, nuestro desarrollo personal, la transmisi\u00f3n de valores y la preparaci\u00f3n para nuestra vida profesional.<\/p>\n<p data-sourcepos=\"3:1-3:184\">Como cada 15 de noviembre, saludamos en su d\u00eda a todos los alumnos, docentes, auxiliares y directivos que mantienen con entusiasmo, esfuerzo y sacrificio, a nuestra gran familia t\u00e9cnica.<\/p>\n<p data-sourcepos=\"5:1-5:552\">Este a\u00f1o, convencidos de la importancia de la formaci\u00f3n t\u00e9cnica, iniciamos un nuevo camino, motivados por ayudar desde nuestro lugar a darle mayor difusi\u00f3n a la educaci\u00f3n t\u00e9cnica, sus virtudes y su aporte a la sociedad en su conjunto. Es por eso que desde el Colegio de T\u00e9cnicos lanzamos el medio digital INFOTECBA y tenemos el orgullo de presentar el primer episodio de una serie en donde recorreremos los distintos establecimientos educativos de la provincia para conocerlos en primera persona, y descubrir parte de su historia y actualidad contada por sus protagonistas.<\/p>\n<p data-sourcepos=\"7:1-7:176\">Esperamos poder, de alguna manera, contribuir para darle m\u00e1s visibilidad, jerarquizando nuestras profesiones y mostrar con orgullo que somos parte de esta gran familia t\u00e9cnica.<\/p>\n<p data-sourcepos=\"9:1-9:11\">\u00a1Feliz d\u00eda!<\/p>\t\t\t\t\t\t\t\t<\/div>\n\t\t\t\t<\/div>\n\t\t\t\t\t<\/div>\n\t\t<\/div>\n\t\t\t\t\t<\/div>\n\t\t<\/section>\n\t\t\t\t<section class=\"elementor-section elementor-top-section elementor-element elementor-element-3a367b0 elementor-section-boxed elementor-section-height-default elementor-section-height-default\" data-id=\"3a367b0\" data-element_type=\"section\">\n\t\t\t\t\t\t<div class=\"elementor-container elementor-column-gap-default\">\n\t\t\t\t\t<div class=\"elementor-column elementor-col-100 elementor-top-column elementor-element elementor-element-70585b1\" data-id=\"70585b1\" data-element_type=\"column\">\n\t\t\t<div class=\"elementor-widget-wrap elementor-element-populated\">\n\t\t\t\t\t\t<div class=\"elementor-element elementor-element-eca8e35 elementor-widget elementor-widget-image\" data-id=\"eca8e35\" data-element_type=\"widget\" data-widget_type=\"image.default\">\n\t\t\t\t<div class=\"elementor-widget-container\">\n\t\t\t\t\t\t\t\t\t\t\t\t\t\t\t\t<a href=\"https:\/\/infotecba.com.ar\/\">\n\t\t\t\t\t\t\t<img decoding=\"async\" width=\"800\" height=\"148\" src=\"https:\/\/tecnicos.org.ar\/colegio\/wp-content\/uploads\/banner-educacion-tecnica-1-1024x190.png\" class=\"attachment-large size-large wp-image-3272\" alt=\"\" srcset=\"https:\/\/tecnicos.org.ar\/colegio\/wp-content\/uploads\/banner-educacion-tecnica-1-1024x190.png 1024w, https:\/\/tecnicos.org.ar\/colegio\/wp-content\/uploads\/banner-educacion-tecnica-1-300x56.png 300w, https:\/\/tecnicos.org.ar\/colegio\/wp-content\/uploads\/banner-educacion-tecnica-1-768x142.png 768w, https:\/\/tecnicos.org.ar\/colegio\/wp-content\/uploads\/banner-educacion-tecnica-1.png 1080w\" sizes=\"(max-width: 800px) 100vw, 800px\" \/>\t\t\t\t\t\t\t\t<\/a>\n\t\t\t\t\t\t\t\t\t\t\t\t\t\t\t<\/div>\n\t\t\t\t<\/div>\n\t\t\t\t\t<\/div>\n\t\t<\/div>\n\t\t\t\t\t<\/div>\n\t\t<\/section>\n\t\t\t\t<\/div>\n\t\t","protected":false},"excerpt":{"rendered":"<p>Consideramos a la educaci\u00f3n t\u00e9cnica un pilar para el desarrollo de la sociedad, nuestro desarrollo personal, la transmisi\u00f3n de valores y la preparaci\u00f3n para nuestra vida profesional.<\/p>\n","protected":false},"author":1,"featured_media":3764,"comment_status":"closed","ping_status":"closed","sticky":false,"template":"","format":"standard","meta":{"footnotes":"","_elementor_edit_mode":"builder","_elementor_template_type":"wp-post","_elementor_data":"[{\"id\":\"6c2a454\",\"elType\":\"section\",\"settings\":[],\"elements\":[{\"id\":\"84526f5\",\"elType\":\"column\",\"settings\":{\"_column_size\":100,\"_inline_size\":null},\"elements\":[{\"id\":\"0c23cab\",\"elType\":\"widget\",\"settings\":{\"image\":{\"url\":\"http:\\\/\\\/tecnicos.org.ar\\\/colegio\\\/wp-content\\\/uploads\\\/Headdiadelaeducaciontecnica-11.png\",\"id\":3760,\"alt\":\"\",\"source\":\"library\"}},\"elements\":[],\"widgetType\":\"image\"}],\"isInner\":false}],\"isInner\":false},{\"id\":\"8c37f88\",\"elType\":\"section\",\"settings\":{\"structure\":\"20\"},\"elements\":[{\"id\":\"9b84a99\",\"elType\":\"column\",\"settings\":{\"_column_size\":50,\"_inline_size\":40},\"elements\":[{\"id\":\"41d4480\",\"elType\":\"widget\",\"settings\":{\"youtube_url\":\"https:\\\/\\\/www.youtube.com\\\/watch?v=Rp9jEe9X8Ic\",\"vimeo_url\":\"https:\\\/\\\/vimeo.com\\\/235215203\",\"dailymotion_url\":\"https:\\\/\\\/www.dailymotion.com\\\/video\\\/x6tqhqb\"},\"elements\":[],\"widgetType\":\"video\"}],\"isInner\":false},{\"id\":\"9b9fb07\",\"elType\":\"column\",\"settings\":{\"_column_size\":50,\"_inline_size\":60},\"elements\":[{\"id\":\"8c69fec\",\"elType\":\"widget\",\"settings\":{\"editor\":\"<p data-sourcepos=\\\"1:1-1:190\\\">Consideramos a la educaci\\u00f3n t\\u00e9cnica un pilar para el desarrollo de la sociedad, nuestro desarrollo personal, la transmisi\\u00f3n de valores y la preparaci\\u00f3n para nuestra vida profesional.<\\\/p>\\n<p data-sourcepos=\\\"3:1-3:184\\\">Como cada 15 de noviembre, saludamos en su d\\u00eda a todos los alumnos, docentes, auxiliares y directivos que mantienen con entusiasmo, esfuerzo y sacrificio, a nuestra gran familia t\\u00e9cnica.<\\\/p>\\n<p data-sourcepos=\\\"5:1-5:552\\\">Este a\\u00f1o, convencidos de la importancia de la formaci\\u00f3n t\\u00e9cnica, iniciamos un nuevo camino, motivados por ayudar desde nuestro lugar a darle mayor difusi\\u00f3n a la educaci\\u00f3n t\\u00e9cnica, sus virtudes y su aporte a la sociedad en su conjunto. Es por eso que desde el Colegio de T\\u00e9cnicos lanzamos el medio digital INFOTECBA y tenemos el orgullo de presentar el primer episodio de una serie en donde recorreremos los distintos establecimientos educativos de la provincia para conocerlos en primera persona, y descubrir parte de su historia y actualidad contada por sus protagonistas.<\\\/p>\\n<p data-sourcepos=\\\"7:1-7:176\\\">Esperamos poder, de alguna manera, contribuir para darle m\\u00e1s visibilidad, jerarquizando nuestras profesiones y mostrar con orgullo que somos parte de esta gran familia t\\u00e9cnica.<\\\/p>\\n<p data-sourcepos=\\\"9:1-9:11\\\">\\u00a1Feliz d\\u00eda!<\\\/p>\"},\"elements\":[],\"widgetType\":\"text-editor\"}],\"isInner\":false}],\"isInner\":false},{\"id\":\"3a367b0\",\"elType\":\"section\",\"settings\":[],\"elements\":[{\"id\":\"70585b1\",\"elType\":\"column\",\"settings\":{\"_column_size\":100,\"_inline_size\":null},\"elements\":[{\"id\":\"eca8e35\",\"elType\":\"widget\",\"settings\":{\"image\":{\"url\":\"http:\\\/\\\/tecnicos.org.ar\\\/colegio\\\/wp-content\\\/uploads\\\/banner-educacion-tecnica-1.png\",\"id\":3272,\"alt\":\"\",\"source\":\"library\"},\"link_to\":\"custom\",\"link\":{\"url\":\"https:\\\/\\\/infotecba.com.ar\\\/\",\"is_external\":\"\",\"nofollow\":\"\",\"custom_attributes\":\"\"}},\"elements\":[],\"widgetType\":\"image\"}],\"isInner\":false}],\"isInner\":false}]","_elementor_page_settings":null,"_elementor_conditions":[]},"categories":[7],"tags":[],"class_list":["post-3758","post","type-post","status-publish","format-standard","has-post-thumbnail","hentry","category-noticias"],"_links":{"self":[{"href":"https:\/\/tecnicos.org.ar\/colegio\/wp-json\/wp\/v2\/posts\/3758","targetHints":{"allow":["GET"]}}],"collection":[{"href":"https:\/\/tecnicos.org.ar\/colegio\/wp-json\/wp\/v2\/posts"}],"about":[{"href":"https:\/\/tecnicos.org.ar\/colegio\/wp-json\/wp\/v2\/types\/post"}],"author":[{"embeddable":true,"href":"https:\/\/tecnicos.org.ar\/colegio\/wp-json\/wp\/v2\/users\/1"}],"replies":[{"embeddable":true,"href":"https:\/\/tecnicos.org.ar\/colegio\/wp-json\/wp\/v2\/comments?post=3758"}],"version-history":[{"count":11,"href":"https:\/\/tecnicos.org.ar\/colegio\/wp-json\/wp\/v2\/posts\/3758\/revisions"}],"predecessor-version":[{"id":3803,"href":"https:\/\/tecnicos.org.ar\/colegio\/wp-json\/wp\/v2\/posts\/3758\/revisions\/3803"}],"wp:featuredmedia":[{"embeddable":true,"href":"https:\/\/tecnicos.org.ar\/colegio\/wp-json\/wp\/v2\/media\/3764"}],"wp:attachment":[{"href":"https:\/\/tecnicos.org.ar\/colegio\/wp-json\/wp\/v2\/media?parent=3758"}],"wp:term":[{"taxonomy":"category","embeddable":true,"href":"https:\/\/tecnicos.org.ar\/colegio\/wp-json\/wp\/v2\/categories?post=3758"},{"taxonomy":"post_tag","embeddable":true,"href":"https:\/\/tecnicos.org.ar\/colegio\/wp-json\/wp\/v2\/tags?post=3758"}],"curies":[{"name":"wp","href":"https:\/\/api.w.org\/{rel}","templated":true}]}}